{"id":1329,"date":"2019-05-29T19:17:22","date_gmt":"2019-05-29T19:17:22","guid":{"rendered":"http:\/\/sialsig.xyz\/?p=1329"},"modified":"2019-05-29T21:15:48","modified_gmt":"2019-05-29T21:15:48","slug":"mapa-dinnovacio-pedagogica","status":"publish","type":"post","link":"https:\/\/sialsig.xyz\/index.php\/2019\/05\/29\/mapa-dinnovacio-pedagogica\/","title":{"rendered":"Mapa d&#8217;Innovaci\u00f3 pedag\u00f2gica"},"content":{"rendered":"<p>[et_pb_section fb_built=\u00bb1&#8243; _builder_version=\u00bb3.17.2&#8243;][et_pb_row _builder_version=\u00bb3.17.2&#8243;][et_pb_column type=\u00bb4_4&#8243; _builder_version=\u00bb3.17.2&#8243; parallax=\u00bboff\u00bb parallax_method=\u00bbon\u00bb][et_pb_text _builder_version=\u00bb3.17.2&#8243;]<\/p>\n<p>fuente:<strong><em>&nbsp;<a href=\"https:\/\/innovacio.xtec.gencat.cat\/#\/\">https:\/\/innovacio.xtec.gencat.cat\/#\/<\/a><\/em><\/strong><\/p>\n<p>&nbsp;<\/p>\n<p>\u00c9s voluntat del Departament d\u2019Educaci\u00f3 acompanyar els centres educatius del pa\u00eds en el proc\u00e9s de transformaci\u00f3 educativa per donar resposta a les necessitats del segle XXI i recon\u00e8ixer els esfor\u00e7os que s\u2019estan fent en termes d\u2019innovaci\u00f3 pedag\u00f2gica.<\/p>\n<p>&nbsp;<\/p>\n<p>El mapa de la innovaci\u00f3 pedag\u00f2gica de Catalunya \u00e9s un instrument que situa en el territori i visibilitza totes les iniciatives vinculades a la innovaci\u00f3 i a la recerca educativa que es desenvolupa en els centres educatius i que han estat reconegudes pel Departament d\u2019Educaci\u00f3 des del 2015, d\u2019acord amb el<span>&nbsp;<\/span><a href=\"http:\/\/xtec.gencat.cat\/ca\/innovacio\/\" target=\"_blank\" rel=\"noopener noreferrer\">Marc de la Innovaci\u00f3 Pedag\u00f2gica de Catalunya<\/a>.<\/p>\n<p>&nbsp;<\/p>\n<p>Amb el mapa de la innovaci\u00f3 es pret\u00e9n impulsar el treball en xarxa entre els centres que comparteixen objectius al llarg del territori i posar en valor la informaci\u00f3 que faciliti la presa de decisions a tota la comunitat educativa, a l\u2019administraci\u00f3 i a altres agents. Aquesta presa de decisions ha de permetre promoure la inclusi\u00f3, la cohesi\u00f3 i l\u2019equitat, i facilitar la participaci\u00f3 de tots els centres en l\u2019\u00e8xit educatiu i la innovaci\u00f3 per a la millora.<\/p>\n<p>&nbsp;<\/p>\n<p>[\/et_pb_text][et_pb_button button_url=\u00bbhttps:\/\/innovacio.xtec.gencat.cat\/#\/programes\u00bb url_new_window=\u00bbon\u00bb button_text=\u00bbVer el mapa\u00bb button_alignment=\u00bbcenter\u00bb _builder_version=\u00bb3.17.2&#8243; custom_button=\u00bbon\u00bb button_border_color=\u00bb#e02b20&#8243; button_font=\u00bb||||||||\u00bb][\/et_pb_button][\/et_pb_column][\/et_pb_row][\/et_pb_section]<\/p>\n","protected":false},"excerpt":{"rendered":"<p>[et_pb_section fb_built=\u00bb1&#8243; _builder_version=\u00bb3.17.2&#8243;][et_pb_row _builder_version=\u00bb3.17.2&#8243;][et_pb_column type=\u00bb4_4&#8243; _builder_version=\u00bb3.17.2&#8243; parallax=\u00bboff\u00bb parallax_method=\u00bbon\u00bb][et_pb_text _builder_version=\u00bb3.17.2&#8243;] fuente:&nbsp;https:\/\/innovacio.xtec.gencat.cat\/#\/ &nbsp; \u00c9s voluntat del Departament d\u2019Educaci\u00f3 acompanyar els centres educatius del pa\u00eds en el proc\u00e9s de transformaci\u00f3 educativa per donar resposta a les necessitats del segle XXI i recon\u00e8ixer els esfor\u00e7os que s\u2019estan fent en termes d\u2019innovaci\u00f3 pedag\u00f2gica. &nbsp; El mapa de la innovaci\u00f3 pedag\u00f2gica [&hellip;]<\/p>\n","protected":false},"author":1,"featured_media":1341,"comment_status":"closed","ping_status":"open","sticky":false,"template":"","format":"standard","meta":[],"categories":[26],"tags":[],"_links":{"self":[{"href":"https:\/\/sialsig.xyz\/index.php\/wp-json\/wp\/v2\/posts\/1329"}],"collection":[{"href":"https:\/\/sialsig.xyz\/index.php\/wp-json\/wp\/v2\/posts"}],"about":[{"href":"https:\/\/sialsig.xyz\/index.php\/wp-json\/wp\/v2\/types\/post"}],"author":[{"embeddable":true,"href":"https:\/\/sialsig.xyz\/index.php\/wp-json\/wp\/v2\/users\/1"}],"replies":[{"embeddable":true,"href":"https:\/\/sialsig.xyz\/index.php\/wp-json\/wp\/v2\/comments?post=1329"}],"version-history":[{"count":9,"href":"https:\/\/sialsig.xyz\/index.php\/wp-json\/wp\/v2\/posts\/1329\/revisions"}],"predecessor-version":[{"id":1347,"href":"https:\/\/sialsig.xyz\/index.php\/wp-json\/wp\/v2\/posts\/1329\/revisions\/1347"}],"wp:featuredmedia":[{"embeddable":true,"href":"https:\/\/sialsig.xyz\/index.php\/wp-json\/wp\/v2\/media\/1341"}],"wp:attachment":[{"href":"https:\/\/sialsig.xyz\/index.php\/wp-json\/wp\/v2\/media?parent=1329"}],"wp:term":[{"taxonomy":"category","embeddable":true,"href":"https:\/\/sialsig.xyz\/index.php\/wp-json\/wp\/v2\/categories?post=1329"},{"taxonomy":"post_tag","embeddable":true,"href":"https:\/\/sialsig.xyz\/index.php\/wp-json\/wp\/v2\/tags?post=1329"}],"curies":[{"name":"wp","href":"https:\/\/api.w.org\/{rel}","templated":true}]}}